{"id":790,"date":"2011-02-19T22:45:08","date_gmt":"2011-02-19T19:45:08","guid":{"rendered":"http:\/\/www.opetajateliit.ee\/?p=790"},"modified":"2023-06-28T13:52:59","modified_gmt":"2023-06-28T10:52:59","slug":"konverents-ausalt-ja-avatult-opetaja-kutse_eetikast","status":"publish","type":"post","link":"https:\/\/opetajateliit.ee\/?p=790","title":{"rendered":"Konverents AUSALT JA AVATULT \u00d5PETAJA KUTSE &#8211; EETIKAST"},"content":{"rendered":"<p><strong>Ausalt ja avatult \u00f5petaja kutse-eetikast<\/strong><\/p>\n<p>Konverents toimus 24. m\u00e4rtsil 2005 Tallinna Inglise Kolled\u017eis,<\/p>\n<p>10.30 &#8211; 11.00&nbsp; Registreerumine<\/p>\n<p>11.00 Konverentsi avamine<\/p>\n<p><b>&nbsp;11. 10.- 13.00<\/b>&nbsp; <b>I<\/b> <b>Visioon eetilisest riigist <\/b><\/p>\n<p><b>&nbsp;<\/b>11.10-11.30 <b>\u201cEetikast Eesti \u00fchiskonnas<\/b> \u201c &#8211; <b>Margit Sutrop,<\/b> Eetikakeskuse juhataja <i>&nbsp;&nbsp;<\/i>T\u00dc<\/p>\n<p>11. 30-11.50 <b>&nbsp;\u201c\u00d5petaja kutse &#8211; eetika kas kaitseb v\u00f5i kohustab?\u201d<\/b> &#8211;<b>Jaanus Noorm\u00e4gi,&nbsp; <\/b>Tartu Teoloogia Akadeemia eetikakeskuse magistrant<b>&nbsp; <\/b>11. 50 \u2013 12.10&nbsp; \u201c<b>Ajakirjanduseetika &#8211; v\u00f5luvits v\u00f5i kattevari&#8221;. &#8211; Tarmu Tammerk, <\/b>Pressin\u00f5ukogu liige; uudisteagentuuri AFP Eesti korrespondent<\/p>\n<p>12.10 \u201312.25&nbsp; <b>\u201c\u00d5petajaeetika ja kutsestandard<i>\u201d &#8211; <\/i>Maie Kitsing, <\/b>Haridus- ja Teadusministeerium \u00fcldhariduse osakonna juhataja<\/p>\n<p>12.25 \u201312.40&nbsp; \u201c<b>Kutse-eetika \u00f5petajakoolituse&nbsp; \u00f5ppekavas\u201d &#8211; Rain Mikser, <\/b>T\u00dc Haridusteaduskond pedagoogika lektor<\/p>\n<p>12.40 \u2013 12.50&nbsp; <b>\u201c Eetika k\u00e4sitlus &#8211; noore \u00f5petaja kutseaastal \u201c &#8211; Valdek Rohtma, <\/b>TP\u00dc kutseaasta programmijuht<\/p>\n<p>12.50- 13.30&nbsp;&nbsp; L\u00f5una<\/p>\n<p><b>&nbsp;13.30 \u2013 14.30&nbsp; II \u201cAusalt ja avatult \u00f5petaja kutse-eetikast\u201d&nbsp; &#8211; <\/b>moderaator&nbsp; <b>Toomas&nbsp; Kink,<\/b> T\u00dc&nbsp; \u00d5petajate Seminar<\/p>\n<p><b>&nbsp;Martin Kaasik, <\/b>Eesti Koolijuhtide \u00dchenduse esimees<\/p>\n<p><b>Kristel Niisuke,<\/b> Eesti \u00d5pilasomavalitsuste Liidu juhatuse esimees<\/p>\n<p><b>Liisa Pakosta,<\/b> Eesti Lastevanemate Liidu eestseisuse liige<\/p>\n<p><b>Annika Tikerpuu,<\/b> Lastekaitseliit,<\/p>\n<p><b>J\u00fcri Hansen,<\/b>&nbsp;&nbsp; Linnade Liidu juhatuse liige<\/p>\n<p><b>Pille Savisaar,<\/b>&nbsp; Vene Keele \u00d5petajate Selts, Keila G\u00fcmnaasiumi \u00f5petaja<\/p>\n<p><b>&nbsp;14.30-15.30<\/b><b>III R\u00fchmat\u00f6\u00f6.&nbsp; <\/b><\/p>\n<p><b>Kutse-eetika dokumendi arutelu ja seisukohtade kujundamine&nbsp; <\/b><\/p>\n<p>15.30 &#8211; 16.00 R\u00fchmat\u00f6\u00f6de kokkuv\u00f5tted<\/p>\n<p>16.00 &#8211; 16.20&nbsp; \u201c<b>\u00d5petaja professionaalsus ja kutse-eetika.\u201d &#8211; Olav Aarna,<\/b> Riigikogu&nbsp; kultuurikomisjoni esimees<\/p>\n","protected":false},"excerpt":{"rendered":"<p>Ausalt ja avatult \u00f5petaja kutse-eetikast Konverents toimus 24. m\u00e4rtsil 2005 Tallinna Inglise Kolled\u017eis, 10.30 &#8211; 11.00&nbsp; Registreerumine 11.00 Konverentsi avamine &nbsp;11. 10.- 13.00&nbsp; I Visioon eetilisest riigist &nbsp;11.10-11.30 \u201cEetikast Eesti \u00fchiskonnas \u201c &#8211; Margit Sutrop, Eetikakeskuse juhataja &nbsp;&nbsp;T\u00dc 11. 30-11.50 &nbsp;\u201c\u00d5petaja kutse &#8211; eetika kas kaitseb v\u00f5i kohustab?\u201d &#8211;Jaanus Noorm\u00e4gi,&nbsp; Tartu Teoloogia Akadeemia eetikakeskuse magistrant&nbsp; 11. 50 \u2013 12.10&nbsp; \u201cAjakirjanduseetika<\/p>\n","protected":false},"author":5,"featured_media":0,"comment_status":"closed","ping_status":"open","sticky":false,"template":"","format":"standard","meta":{"footnotes":""},"categories":[4,20,1],"tags":[],"class_list":["post-790","post","type-post","status-publish","format-standard","hentry","category-uritused","category-konverents-2005","category-maaratlemata"],"_links":{"self":[{"href":"https:\/\/opetajateliit.ee\/index.php?rest_route=\/wp\/v2\/posts\/790","targetHints":{"allow":["GET"]}}],"collection":[{"href":"https:\/\/opetajateliit.ee\/index.php?rest_route=\/wp\/v2\/posts"}],"about":[{"href":"https:\/\/opetajateliit.ee\/index.php?rest_route=\/wp\/v2\/types\/post"}],"author":[{"embeddable":true,"href":"https:\/\/opetajateliit.ee\/index.php?rest_route=\/wp\/v2\/users\/5"}],"replies":[{"embeddable":true,"href":"https:\/\/opetajateliit.ee\/index.php?rest_route=%2Fwp%2Fv2%2Fcomments&post=790"}],"version-history":[{"count":5,"href":"https:\/\/opetajateliit.ee\/index.php?rest_route=\/wp\/v2\/posts\/790\/revisions"}],"predecessor-version":[{"id":2922,"href":"https:\/\/opetajateliit.ee\/index.php?rest_route=\/wp\/v2\/posts\/790\/revisions\/2922"}],"wp:attachment":[{"href":"https:\/\/opetajateliit.ee\/index.php?rest_route=%2Fwp%2Fv2%2Fmedia&parent=790"}],"wp:term":[{"taxonomy":"category","embeddable":true,"href":"https:\/\/opetajateliit.ee\/index.php?rest_route=%2Fwp%2Fv2%2Fcategories&post=790"},{"taxonomy":"post_tag","embeddable":true,"href":"https:\/\/opetajateliit.ee\/index.php?rest_route=%2Fwp%2Fv2%2Ftags&post=790"}],"curies":[{"name":"wp","href":"https:\/\/api.w.org\/{rel}","templated":true}]}}