{"id":631,"date":"2012-12-03T14:11:46","date_gmt":"2012-12-03T11:11:46","guid":{"rendered":"http:\/\/www.opetajateliit.ee\/?p=631"},"modified":"2013-02-17T20:45:38","modified_gmt":"2013-02-17T17:45:38","slug":"eesti-opetajate-liit-avas-diskussiooni-opetaja-rollist","status":"publish","type":"post","link":"https:\/\/opetajateliit.ee\/?p=631","title":{"rendered":"Eesti \u00d5petajate Liit algatas diskussiooni \u00f5petaja rollist"},"content":{"rendered":"<p>Novembri l\u00f5pun\u00e4dalal toimus Tartus ja Tallinnas \u00f5petajatele, koolijuhtidele ning teistele huvilistele\u00a0 seminar \u00d5PETAJA ROLLIST OSALEVAS JUHTIMISES.<\/p>\n<p style=\"text-align: left;\">Ettekannete l\u00e4bivaks teemaks oli \u00f5petajate ja juhtkonna koost\u00f6\u00f6 koolis.<\/p>\n<p style=\"text-align: left;\">Haridus- ja teadusminister <strong>Jaak Aaviksoo<\/strong>, professor <strong>Kulno T\u00fcrk<\/strong> Tartu \u00dclikoolist, P\u00e4rnu \u00dclej\u00f5e G\u00fcmnaasiumi direktor <a href=\"http:\/\/www.opetajateliit.ee\/wp-content\/uploads\/2012\/12\/\u00d5petaja_ja_koolijuht_pinginaabrid_MargusVeri.pdf\" target=\"_blank\"><strong>Margus Veri<\/strong><\/a>, Tallinna Inglise Kolled\u017ei direktor <a href=\"http:\/\/www.opetajateliit.ee\/wp-content\/uploads\/2012\/12\/\u00d5petaja_ja_koolijuht_pinginaabrid_Toomas_Kruusim\u00e4gi.pdf\" target=\"_blank\"><strong>Toomas Kruusim\u00e4gi<\/strong><\/a>, Haapsalu G\u00fcmnaasiumi ajaloo- ja \u00fchiskonna\u00f5petuse ning saksa keele \u00f5petaja <strong>Mihkel K\u00f5rbe <\/strong>ja\u00a0 Eesti \u00d5petajate Liidu juhatuse esimees <a href=\"http:\/\/www.opetajateliit.ee\/wp-content\/uploads\/2012\/12\/Olles_\u00f5petaja_E\u00d5Li_kaasavad_sammud_MargitTimakov.pdf\" target=\"_blank\">MargitTimakov <\/a>arutlesid koost\u00f6\u00f6 ja tulemuslikkuse erinevate aspektide \u00fcle. Ettekannete ja seminaril osalenute huvi p\u00f5hjal v\u00f5ib \u00f6elda, et \u00fchine alus edasiminekuks on olemas ning nii kutsub Eesti \u00d5petajate Liit \u00f5petajaid ja koolijuhte aktiivselt osalema laiemas arutelus \u00f5petaja rolli \u00fcle.<\/p>\n<p style=\"text-align: left;\"><a href=\"http:\/\/www.opetajateliit.ee\/wp-content\/uploads\/2012\/12\/IMG_3268.jpg\"><img loading=\"lazy\" decoding=\"async\" class=\"alignleft size-medium wp-image-652\" title=\"Professor Kulno T\u00fcrk esinemas       (Foto autor Peeter-Eerik Ots)\" alt=\"\" src=\"http:\/\/www.opetajateliit.ee\/wp-content\/uploads\/2012\/12\/IMG_3268-225x300.jpg\" width=\"225\" height=\"300\" srcset=\"https:\/\/opetajateliit.ee\/wp-content\/uploads\/2012\/12\/IMG_3268-225x300.jpg 225w, https:\/\/opetajateliit.ee\/wp-content\/uploads\/2012\/12\/IMG_3268-768x1024.jpg 768w\" sizes=\"auto, (max-width: 225px) 100vw, 225px\" \/><\/a>Kulno T\u00fcrk\u00a0 &#8220;<a href=\"http:\/\/www.opetajateliit.ee\/wp-content\/uploads\/2012\/12\/HTMsem.KulnoTurk-slaid201112.pdf\">Kuidas hinnata ja tasustada \u00f5petajaid<\/a>&#8220;<\/p>\n<p style=\"text-align: left;\">\n<p style=\"text-align: left;\">\n<p style=\"text-align: left;\">\n<p style=\"text-align: left;\">\n<p style=\"text-align: left;\">\n<p style=\"text-align: left;\">Kajastus \u00d5petajate Lehes:<a href=\"http:\/\/opleht.ee\/1457-uus-palgakorraldus-tekitab-koolides-peataolekut\/\" target=\"_blank\"> http:\/\/opleht.ee\/1457-uus-palgakorraldus-tekitab-koolides-peataolekut\/<\/a><\/p>\n","protected":false},"excerpt":{"rendered":"<p>Novembri l\u00f5pun\u00e4dalal toimus Tartus ja Tallinnas \u00f5petajatele, koolijuhtidele ning teistele huvilistele\u00a0 seminar \u00d5PETAJA ROLLIST OSALEVAS JUHTIMISES. Ettekannete l\u00e4bivaks teemaks oli \u00f5petajate ja juhtkonna koost\u00f6\u00f6 koolis. Haridus- ja teadusminister Jaak Aaviksoo, professor Kulno T\u00fcrk Tartu \u00dclikoolist, P\u00e4rnu \u00dclej\u00f5e G\u00fcmnaasiumi direktor Margus Veri, Tallinna Inglise Kolled\u017ei direktor Toomas Kruusim\u00e4gi, Haapsalu G\u00fcmnaasiumi ajaloo- ja \u00fchiskonna\u00f5petuse ning saksa keele \u00f5petaja Mihkel K\u00f5rbe ja\u00a0 Eesti<\/p>\n","protected":false},"author":5,"featured_media":0,"comment_status":"open","ping_status":"open","sticky":false,"template":"","format":"quote","meta":{"footnotes":""},"categories":[16,1],"tags":[],"class_list":["post-631","post","type-post","status-publish","format-quote","hentry","category-seminarid-2012","category-maaratlemata","post_format-post-format-quote"],"_links":{"self":[{"href":"https:\/\/opetajateliit.ee\/index.php?rest_route=\/wp\/v2\/posts\/631","targetHints":{"allow":["GET"]}}],"collection":[{"href":"https:\/\/opetajateliit.ee\/index.php?rest_route=\/wp\/v2\/posts"}],"about":[{"href":"https:\/\/opetajateliit.ee\/index.php?rest_route=\/wp\/v2\/types\/post"}],"author":[{"embeddable":true,"href":"https:\/\/opetajateliit.ee\/index.php?rest_route=\/wp\/v2\/users\/5"}],"replies":[{"embeddable":true,"href":"https:\/\/opetajateliit.ee\/index.php?rest_route=%2Fwp%2Fv2%2Fcomments&post=631"}],"version-history":[{"count":16,"href":"https:\/\/opetajateliit.ee\/index.php?rest_route=\/wp\/v2\/posts\/631\/revisions"}],"predecessor-version":[{"id":641,"href":"https:\/\/opetajateliit.ee\/index.php?rest_route=\/wp\/v2\/posts\/631\/revisions\/641"}],"wp:attachment":[{"href":"https:\/\/opetajateliit.ee\/index.php?rest_route=%2Fwp%2Fv2%2Fmedia&parent=631"}],"wp:term":[{"taxonomy":"category","embeddable":true,"href":"https:\/\/opetajateliit.ee\/index.php?rest_route=%2Fwp%2Fv2%2Fcategories&post=631"},{"taxonomy":"post_tag","embeddable":true,"href":"https:\/\/opetajateliit.ee\/index.php?rest_route=%2Fwp%2Fv2%2Ftags&post=631"}],"curies":[{"name":"wp","href":"https:\/\/api.w.org\/{rel}","templated":true}]}}