{"id":60,"date":"2010-02-25T11:39:47","date_gmt":"2010-02-25T08:39:47","guid":{"rendered":"http:\/\/www.opetajateliit.ee\/?p=60"},"modified":"2011-10-14T14:53:23","modified_gmt":"2011-10-14T11:53:23","slug":"konverents-kooli-ja-opetaja-valmisolek-uuendatud-riiklike-oppekavade-elluviimiseks","status":"publish","type":"post","link":"https:\/\/opetajateliit.ee\/?p=60","title":{"rendered":"Konverents &#8220;Kooli ja \u00f5petaja valmisolek uuendatud riiklike \u00f5ppekavade elluviimiseks&#8221;"},"content":{"rendered":"<p><!-- \t\t@page { size: 21cm 29.7cm; margin: 2cm } \t\tP { margin-bottom: 0.21cm } \t\tA:link { color: #0000ff } --><\/p>\n<p style=\"margin-bottom: 0cm;\">Eesti \u00d5petajate Liit  koost\u00f6\u00f6s  Haridus- ja Teadusministeeriumiga korraldab<\/p>\n<p style=\"margin-bottom: 0cm;\">24. ja 25. m\u00e4rtsil 2010.a.  algusega kell 11.00 konverentsi<\/p>\n<p style=\"margin-bottom: 0cm;\">\n<p style=\"margin-bottom: 0cm;\"><strong><span style=\"font-size: medium;\">Kooli ja \u00f5petaja valmisolek uuendatud riiklike \u00f5ppekavade elluviimiseks<\/span><\/strong><\/p>\n<p style=\"margin-bottom: 0cm;\">Konverents toimub Viimsi Keskkoolis<\/p>\n<p style=\"margin-bottom: 0cm;\">Sissejuhatavate teemade juures k\u00e4sitletakse pidevalt muutuva \u00fchiskonna haridus- ja kasvatusv\u00e4\u00e4rtusi. P\u00f5hjendatakse \u00f5ppekava muutuste vajadust ning selgitatakse uuendatud ainekavadekavade sisu ning hariduskorraldust.<!--more--><\/p>\n<p style=\"margin-bottom: 0cm;\">\u00fclikoolide abiga k\u00e4sitletakse \u00f5petajakoolituse sisu ja kvaliteeti, \u00f5petajate valmisolekut oma kutset\u00f6\u00f6ks.<\/p>\n<p style=\"margin-bottom: 0cm;\">Paneeldiskussioonis arutletakse kooli ja \u00f5petajate valmisoleku \u00fcle uuendatud \u00f5ppekava  rakendamiseks koolides, \u00f5petajate t\u00e4iendkoolituse vajadusi.<\/p>\n<p style=\"margin-bottom: 0cm;\">Konverentsil saame v\u00e4ikese \u00fclevaate muudatusi toetavatest positiivsetest kogemustest.<\/p>\n<p style=\"margin-bottom: 0cm;\">\n<p style=\"margin-bottom: 0cm;\">Registreerimine algab 1. m\u00e4rtsil\u00a0 Eesti \u00d5petajate Liidu kodulehel  <span style=\"color: #0000ff;\"><span style=\"text-decoration: underline;\">www.opetajateliit.ee<\/span><\/span><\/p>\n<p style=\"margin-bottom: 0cm;\">T\u00e4iiendavad k\u00fcsimused tel 51 14 557 Lehte J\u00f5eemaa , 5254547  Ester Muni<\/p>\n<p><span style=\"font-family: Times New Roman; font-size: small;\"> <\/span><\/p>\n","protected":false},"excerpt":{"rendered":"<p>Eesti \u00d5petajate Liit koost\u00f6\u00f6s Haridus- ja Teadusministeeriumiga korraldab 24. ja 25. m\u00e4rtsil 2010.a. algusega kell 11.00 konverentsi Kooli ja \u00f5petaja valmisolek uuendatud riiklike \u00f5ppekavade elluviimiseks Konverents toimub Viimsi Keskkoolis Sissejuhatavate teemade juures k\u00e4sitletakse pidevalt muutuva \u00fchiskonna haridus- ja kasvatusv\u00e4\u00e4rtusi. P\u00f5hjendatakse \u00f5ppekava muutuste vajadust ning selgitatakse uuendatud ainekavadekavade sisu ning hariduskorraldust.<\/p>\n","protected":false},"author":5,"featured_media":0,"comment_status":"closed","ping_status":"closed","sticky":false,"template":"","format":"standard","meta":{"footnotes":""},"categories":[4],"tags":[],"class_list":["post-60","post","type-post","status-publish","format-standard","hentry","category-uritused"],"_links":{"self":[{"href":"https:\/\/opetajateliit.ee\/index.php?rest_route=\/wp\/v2\/posts\/60","targetHints":{"allow":["GET"]}}],"collection":[{"href":"https:\/\/opetajateliit.ee\/index.php?rest_route=\/wp\/v2\/posts"}],"about":[{"href":"https:\/\/opetajateliit.ee\/index.php?rest_route=\/wp\/v2\/types\/post"}],"author":[{"embeddable":true,"href":"https:\/\/opetajateliit.ee\/index.php?rest_route=\/wp\/v2\/users\/5"}],"replies":[{"embeddable":true,"href":"https:\/\/opetajateliit.ee\/index.php?rest_route=%2Fwp%2Fv2%2Fcomments&post=60"}],"version-history":[{"count":15,"href":"https:\/\/opetajateliit.ee\/index.php?rest_route=\/wp\/v2\/posts\/60\/revisions"}],"predecessor-version":[{"id":77,"href":"https:\/\/opetajateliit.ee\/index.php?rest_route=\/wp\/v2\/posts\/60\/revisions\/77"}],"wp:attachment":[{"href":"https:\/\/opetajateliit.ee\/index.php?rest_route=%2Fwp%2Fv2%2Fmedia&parent=60"}],"wp:term":[{"taxonomy":"category","embeddable":true,"href":"https:\/\/opetajateliit.ee\/index.php?rest_route=%2Fwp%2Fv2%2Fcategories&post=60"},{"taxonomy":"post_tag","embeddable":true,"href":"https:\/\/opetajateliit.ee\/index.php?rest_route=%2Fwp%2Fv2%2Ftags&post=60"}],"curies":[{"name":"wp","href":"https:\/\/api.w.org\/{rel}","templated":true}]}}