{"id":275,"date":"2011-02-07T23:54:23","date_gmt":"2011-02-07T20:54:23","guid":{"rendered":"http:\/\/www.opetajateliit.ee\/?p=275"},"modified":"2011-02-07T23:57:24","modified_gmt":"2011-02-07T20:57:24","slug":"eesti-opetajate-liidu-esindajatekoja-koosolek","status":"publish","type":"post","link":"https:\/\/opetajateliit.ee\/?p=275","title":{"rendered":"Eesti \u00d5petajate Liidu esindajatekoja koosolek"},"content":{"rendered":"<p><strong>Esindajatekoja  koosolek toimub\u00a0 laup\u00e4eval, 12. veebruaril algusega kell 11.00\u00a0  Tallinna \u00d5petajate Majas aadressil Raekoja plats 14<\/strong><\/p>\n<p><strong>Koosoleku teemad: <\/strong><\/p>\n<p><strong>1. \u00d5petajat\u00f6\u00f6 ja selle hindamine, kutsekvalifikatsioon ning atesteerimine. Arutelu koos HTM-i esindajatega<\/strong><\/p>\n<p><strong>2. \u00d5petajate kongressi ettevalmistavate t\u00f6\u00f6r\u00fchmade moodustamine.<\/strong><\/p>\n<p><span style=\"text-decoration: underline;\"><strong>P\u00e4evakord:<\/strong><\/span><\/p>\n<p><strong>I Sissejuhatus<\/strong><\/p>\n<p>1. E\u00d5L  IntelLeo projektir\u00fchm tutvustab maakonnatuuri tulemusi ja\u00a0esitab  \u00f5petajate hulgas l\u00e4bi viidud k\u00fcsitluse kokkuv\u00f5tted. P\u00f5hiteemaks  \u00f5petaja t\u00f6\u00f6aeg ja atesteerimine. <strong>M. Timakov, E\u00d5L-i juhatuse liige, IntelLEO pojektir\u00fchma juht<\/strong><\/p>\n<p>2. Tutvustame \u00f5petaja k\u00e4rj\u00e4\u00e4ripuud.<strong> L. J\u00f5emaa, E\u00d5L-i juhatuse esimees<\/strong><\/p>\n<p>3. \u00dclevaade pedagoogide kvalifikatsiooni ja atesteerimisega seonduvast hetkeseisust. <strong>K. Kreegim\u00e4e, \u00a0 HTM-i \u00fcldharidusosakond, pedagoogide kvalifikatsiooni- ja atesteerimis<\/strong><strong>valdkonna peaekspert <\/strong><\/p>\n<p><strong>Koosoleku II osa k\u00e4sitleb<\/strong><\/p>\n<p>\u00d5petajate kongressi sisu\u00a0 ja t\u00f6\u00f6toimkondade moodustamist. Selle punkti all m\u00f5elgem l\u00e4bi vajadused ja korraldus.<\/p>\n<p><strong>NB!  Iga organistasioon vastutab selle eest, et tema aineliidu  esindajatekoja liikmed oleksid kohal. Kes kohe teab, et ei saa  m\u00f6\u00f6dap\u00e4\u00e4smatuil asjaoludel ise tulla, see saadab volituse digiallkirjaga  <a href=\"mailto:lehte.joemaa@mail.ee\">lehte.joemaa@mail.ee<\/a>.<\/strong><\/p>\n<p><strong> <\/strong><\/p>\n<p><strong>Juhul,  kui teie organistasioonis on toimunud muudatused, valitud on uus  aineliidu juht v\u00f5i antud volitused uuele esindajatekoja volinikule, siis  tuleb  juhatusel vormistada vastavad andmed. Blanketi leiate\u00a0 <a href=\"http:\/\/www.opetajateliit.ee\/wp-content\/uploads\/2011\/02\/\u00dchenduse+andmed+esindajatekoja+volitused+23.pdf\">SIIT<\/a><\/strong><\/p>\n","protected":false},"excerpt":{"rendered":"<p>Esindajatekoja koosolek toimub\u00a0 laup\u00e4eval, 12. veebruaril algusega kell 11.00\u00a0 Tallinna \u00d5petajate Majas aadressil Raekoja plats 14 Koosoleku teemad: 1. \u00d5petajat\u00f6\u00f6 ja selle hindamine, kutsekvalifikatsioon ning atesteerimine. Arutelu koos HTM-i esindajatega 2. \u00d5petajate kongressi ettevalmistavate t\u00f6\u00f6r\u00fchmade moodustamine. P\u00e4evakord: I Sissejuhatus 1. E\u00d5L IntelLeo projektir\u00fchm tutvustab maakonnatuuri tulemusi ja\u00a0esitab \u00f5petajate hulgas l\u00e4bi viidud k\u00fcsitluse kokkuv\u00f5tted. P\u00f5hiteemaks \u00f5petaja t\u00f6\u00f6aeg ja atesteerimine. M. Timakov,<\/p>\n","protected":false},"author":5,"featured_media":0,"comment_status":"closed","ping_status":"closed","sticky":false,"template":"","format":"standard","meta":{"footnotes":""},"categories":[1],"tags":[],"class_list":["post-275","post","type-post","status-publish","format-standard","hentry","category-maaratlemata"],"_links":{"self":[{"href":"https:\/\/opetajateliit.ee\/index.php?rest_route=\/wp\/v2\/posts\/275","targetHints":{"allow":["GET"]}}],"collection":[{"href":"https:\/\/opetajateliit.ee\/index.php?rest_route=\/wp\/v2\/posts"}],"about":[{"href":"https:\/\/opetajateliit.ee\/index.php?rest_route=\/wp\/v2\/types\/post"}],"author":[{"embeddable":true,"href":"https:\/\/opetajateliit.ee\/index.php?rest_route=\/wp\/v2\/users\/5"}],"replies":[{"embeddable":true,"href":"https:\/\/opetajateliit.ee\/index.php?rest_route=%2Fwp%2Fv2%2Fcomments&post=275"}],"version-history":[{"count":4,"href":"https:\/\/opetajateliit.ee\/index.php?rest_route=\/wp\/v2\/posts\/275\/revisions"}],"predecessor-version":[{"id":281,"href":"https:\/\/opetajateliit.ee\/index.php?rest_route=\/wp\/v2\/posts\/275\/revisions\/281"}],"wp:attachment":[{"href":"https:\/\/opetajateliit.ee\/index.php?rest_route=%2Fwp%2Fv2%2Fmedia&parent=275"}],"wp:term":[{"taxonomy":"category","embeddable":true,"href":"https:\/\/opetajateliit.ee\/index.php?rest_route=%2Fwp%2Fv2%2Fcategories&post=275"},{"taxonomy":"post_tag","embeddable":true,"href":"https:\/\/opetajateliit.ee\/index.php?rest_route=%2Fwp%2Fv2%2Ftags&post=275"}],"curies":[{"name":"wp","href":"https:\/\/api.w.org\/{rel}","templated":true}]}}