{"id":247,"date":"2010-10-01T22:52:22","date_gmt":"2010-10-01T19:52:22","guid":{"rendered":"http:\/\/www.opetajateliit.ee\/?p=247"},"modified":"2010-11-01T23:26:13","modified_gmt":"2010-11-01T20:26:13","slug":"eesti-opetajate-liidu-juhatuse-koosolek","status":"publish","type":"post","link":"https:\/\/opetajateliit.ee\/?p=247","title":{"rendered":"Eesti \u00d5petajate Liidu juhatuse koosolek"},"content":{"rendered":"<p>&#8230; toimus 25. septembril. Arutleti organisatsiooni hetkeseisu \u00fcle ja otsustati uue\u00a0 juhatuse tegevuse\u00a0 p\u00f5hisuunad. Samuti jagati ning kinnitati juhatuse liikmete t\u00f6\u00f6valdkonnad.<\/p>\n<p><strong>Lehte J\u00f5emaa<\/strong> \u2013 juhatuse esimees<br \/>\n<strong>Ester Muni<\/strong> \u2013 juhatuse esimehe abi<br \/>\n<strong>Elbe Metsatalu<\/strong> \u2013 arendusjuht, hariduspoliitika<br \/>\n<strong>Maila V\u00f5rno<\/strong> \u2013 \u00f5pi- ja t\u00f6\u00f6keskkond<br \/>\n<strong>Katrin Meinart<\/strong> \u2013 \u00f5petaja professionaalne areng ja t\u00e4iendkoolitus<br \/>\n<strong>Astrid Sildni<\/strong>k \u2013 meedia, haridustehnoloogia<br \/>\n<strong>Margit Timakov<\/strong> \u2013 v\u00e4lissuhted , IntelLEO projektijuht<\/p>\n<p>Arutleti organisatsioonijuhtimisega seotud k\u00fcsimusi ja otsustati juhatuse liikmete parema informeerituse ja koost\u00f6\u00f6 huvides lisaks korralistele kontaktkoosolekutele hakata pidama ka\u00a0 igan\u00e4dalasi <em>Skype<\/em>\u00b4 koosolekuid.<\/p>\n<p>Veel otsustati alustada alates oktoobrist Eesti \u00d5petajate Liidu infolehe avaldamisega. Kuna Eesti \u00d5petajate Liidu \u00fcheks prioriteediks on \u00f5petajate koost\u00f6\u00f6 ja professionaalse arengu toetamine, siis otsustati korrladada maakonnatuure Eesti erinevatesse paikadess, tutvustamaks Eesti \u00d5petajate Liidu tegevust ning arutlemaks \u00f5petajate r\u00f5\u00f5mude ja murede \u00fcle.<\/p>\n<p>Suurematest ettev\u00f5tmistest j\u00e4tkab E\u00d5L\u00a0 &#8220;Eesti kauni kooli&#8221; projektiga tegelemist ning alustab ettevalmistusi \u00f5petajate kongressi korraldamiseks.<\/p>\n","protected":false},"excerpt":{"rendered":"<p>&#8230; toimus 25. septembril. Arutleti organisatsiooni hetkeseisu \u00fcle ja otsustati uue\u00a0 juhatuse tegevuse\u00a0 p\u00f5hisuunad. Samuti jagati ning kinnitati juhatuse liikmete t\u00f6\u00f6valdkonnad. Lehte J\u00f5emaa \u2013 juhatuse esimees Ester Muni \u2013 juhatuse esimehe abi Elbe Metsatalu \u2013 arendusjuht, hariduspoliitika Maila V\u00f5rno \u2013 \u00f5pi- ja t\u00f6\u00f6keskkond Katrin Meinart \u2013 \u00f5petaja professionaalne areng ja t\u00e4iendkoolitus Astrid Sildnik \u2013 meedia, haridustehnoloogia Margit Timakov \u2013 v\u00e4lissuhted<\/p>\n","protected":false},"author":5,"featured_media":0,"comment_status":"closed","ping_status":"closed","sticky":false,"template":"","format":"standard","meta":{"footnotes":""},"categories":[1],"tags":[],"class_list":["post-247","post","type-post","status-publish","format-standard","hentry","category-maaratlemata"],"_links":{"self":[{"href":"https:\/\/opetajateliit.ee\/index.php?rest_route=\/wp\/v2\/posts\/247","targetHints":{"allow":["GET"]}}],"collection":[{"href":"https:\/\/opetajateliit.ee\/index.php?rest_route=\/wp\/v2\/posts"}],"about":[{"href":"https:\/\/opetajateliit.ee\/index.php?rest_route=\/wp\/v2\/types\/post"}],"author":[{"embeddable":true,"href":"https:\/\/opetajateliit.ee\/index.php?rest_route=\/wp\/v2\/users\/5"}],"replies":[{"embeddable":true,"href":"https:\/\/opetajateliit.ee\/index.php?rest_route=%2Fwp%2Fv2%2Fcomments&post=247"}],"version-history":[{"count":5,"href":"https:\/\/opetajateliit.ee\/index.php?rest_route=\/wp\/v2\/posts\/247\/revisions"}],"predecessor-version":[{"id":265,"href":"https:\/\/opetajateliit.ee\/index.php?rest_route=\/wp\/v2\/posts\/247\/revisions\/265"}],"wp:attachment":[{"href":"https:\/\/opetajateliit.ee\/index.php?rest_route=%2Fwp%2Fv2%2Fmedia&parent=247"}],"wp:term":[{"taxonomy":"category","embeddable":true,"href":"https:\/\/opetajateliit.ee\/index.php?rest_route=%2Fwp%2Fv2%2Fcategories&post=247"},{"taxonomy":"post_tag","embeddable":true,"href":"https:\/\/opetajateliit.ee\/index.php?rest_route=%2Fwp%2Fv2%2Ftags&post=247"}],"curies":[{"name":"wp","href":"https:\/\/api.w.org\/{rel}","templated":true}]}}