{"id":1613,"date":"2015-05-18T22:42:38","date_gmt":"2015-05-18T19:42:38","guid":{"rendered":"http:\/\/www.opetajateliit.ee\/?p=1613"},"modified":"2015-07-27T16:18:57","modified_gmt":"2015-07-27T13:18:57","slug":"eesti-opetajate-liidu-sunnipaevakonverents","status":"publish","type":"post","link":"https:\/\/opetajateliit.ee\/?p=1613","title":{"rendered":"Eesti \u00d5petajate Liidu s\u00fcnnip\u00e4evakonverents"},"content":{"rendered":"<div class=\"gmail_default\">Eesti \u00d5petajate Liidul on 27.mail 98.s\u00fcnnip\u00e4ev ja me t\u00e4histame seda traditsioonilise kevadkonverentsiga, millel seekord siiski on veidi laiem taust, kuna sellest peaks saama ka sissejuhatus\u00a0 \u00f5petajate kongressi ettevalmistavatele sammudele.<br \/>\nKevadkonverentsil on kavas arutada \u00f5petaja rolli \u00fcle \u00fchiskonnas. Teema on jagatud kolmeks m\u00f5tteliseks osaks: Mis on \u00f5petaja roll?\u00a0 \u00d5petaja on rollist v\u00e4ljas.(?) Kuidas saada oma rolli tagasi?<\/div>\n<div class=\"gmail_default\">Konverents toimub 27. mail kell 11.00 &#8211; 18.00 Tallinna Ehituskoolis, P\u00e4rnu mnt 162<\/div>\n<div class=\"gmail_default\">Konverentsi kava: <a href=\"http:\/\/www.opetajateliit.ee\/wp-content\/uploads\/2015\/05\/Konverentsi_kava.pdf\">S\u00fcnnip\u00e4evakonverents<\/a><\/div>\n<div class=\"gmail_default\">Konverentsile saab registreerida<a href=\"https:\/\/docs.google.com\/forms\/d\/1Qu4mwlqWpZinK4Lm87_H_i_z3Np6wOfvKDon0ncmcG4\/viewform\" target=\"_blank\"> SIIN<\/a><\/div>\n<p>&nbsp;<\/p>\n","protected":false},"excerpt":{"rendered":"<p>Eesti \u00d5petajate Liidul on 27.mail 98.s\u00fcnnip\u00e4ev ja me t\u00e4histame seda traditsioonilise kevadkonverentsiga, millel seekord siiski on veidi laiem taust, kuna sellest peaks saama ka sissejuhatus\u00a0 \u00f5petajate kongressi ettevalmistavatele sammudele. Kevadkonverentsil on kavas arutada \u00f5petaja rolli \u00fcle \u00fchiskonnas. Teema on jagatud kolmeks m\u00f5tteliseks osaks: Mis on \u00f5petaja roll?\u00a0 \u00d5petaja on rollist v\u00e4ljas.(?) Kuidas saada oma rolli tagasi? Konverents toimub 27. mail<\/p>\n","protected":false},"author":5,"featured_media":1221,"comment_status":"closed","ping_status":"closed","sticky":false,"template":"","format":"standard","meta":{"footnotes":""},"categories":[27,1],"tags":[],"class_list":["post-1613","post","type-post","status-publish","format-standard","has-post-thumbnail","hentry","category-konverents-2015","category-maaratlemata"],"_links":{"self":[{"href":"https:\/\/opetajateliit.ee\/index.php?rest_route=\/wp\/v2\/posts\/1613","targetHints":{"allow":["GET"]}}],"collection":[{"href":"https:\/\/opetajateliit.ee\/index.php?rest_route=\/wp\/v2\/posts"}],"about":[{"href":"https:\/\/opetajateliit.ee\/index.php?rest_route=\/wp\/v2\/types\/post"}],"author":[{"embeddable":true,"href":"https:\/\/opetajateliit.ee\/index.php?rest_route=\/wp\/v2\/users\/5"}],"replies":[{"embeddable":true,"href":"https:\/\/opetajateliit.ee\/index.php?rest_route=%2Fwp%2Fv2%2Fcomments&post=1613"}],"version-history":[{"count":3,"href":"https:\/\/opetajateliit.ee\/index.php?rest_route=\/wp\/v2\/posts\/1613\/revisions"}],"predecessor-version":[{"id":1617,"href":"https:\/\/opetajateliit.ee\/index.php?rest_route=\/wp\/v2\/posts\/1613\/revisions\/1617"}],"wp:featuredmedia":[{"embeddable":true,"href":"https:\/\/opetajateliit.ee\/index.php?rest_route=\/wp\/v2\/media\/1221"}],"wp:attachment":[{"href":"https:\/\/opetajateliit.ee\/index.php?rest_route=%2Fwp%2Fv2%2Fmedia&parent=1613"}],"wp:term":[{"taxonomy":"category","embeddable":true,"href":"https:\/\/opetajateliit.ee\/index.php?rest_route=%2Fwp%2Fv2%2Fcategories&post=1613"},{"taxonomy":"post_tag","embeddable":true,"href":"https:\/\/opetajateliit.ee\/index.php?rest_route=%2Fwp%2Fv2%2Ftags&post=1613"}],"curies":[{"name":"wp","href":"https:\/\/api.w.org\/{rel}","templated":true}]}}