{"id":1574,"date":"2015-04-20T17:36:50","date_gmt":"2015-04-20T14:36:50","guid":{"rendered":"http:\/\/www.opetajateliit.ee\/?p=1574"},"modified":"2015-04-20T17:41:19","modified_gmt":"2015-04-20T14:41:19","slug":"kohtumine-haridusminister-jurgen-ligiga","status":"publish","type":"post","link":"https:\/\/opetajateliit.ee\/?p=1574","title":{"rendered":"Kohtumine haridus- ja teadusminister J\u00fcrgen Ligiga"},"content":{"rendered":"<p>Eesti \u00d5petajate Liidu juhatus kohtus t\u00e4na haridus- ja teadusminister J\u00fcrgen Ligiga. Arutluse all olid haridusvaldkonna murekohad ja professionaalset \u00f5petajat\u00f6\u00f6d soodustavad ning takistavad tegurid. Pikemalt peatusime \u00f5petaja kutse ja professionaalsuse teemadel, kooli turvalisuse k\u00fcsimustel ja arutlesime ka \u00f5petaja t\u00f6\u00f6koormuse \u00fcle, ennek\u00f5ike l\u00e4bi selle sisu ning v\u00f5imaluste.<\/p>\n<p>Kuigi \u00f5petajate kutsestandard tundub k\u00f5rgete n\u00f5udmistega, siis s\u00fcvenemisel saadakse aru, et pea k\u00f5ike juba tehaksegi, ehkki v\u00f5ib-olla endalegi teadvustamata. T\u00e4naste probleemide (\u00f5petajate ettevalmistus, 21. sajandi v\u00e4ljakutsed, \u00f5petajate enesekindlus) ning \u00fchiskonna-riigi-\u00f5petajate omavahelise suhestumise lahti m\u00f5testamiseks tutvustasime ka s\u00fcgiseks planeeritavat \u00f5petajate kongressi.<\/p>\n<p>Olime \u00fchisel meelel, et Eestis \u00fcldjuhul ei taheta n\u00e4ha heal haridustraditsioonil p\u00f5hinevaid tugevusi ja pigem keskendutakse kriitikale.<\/p>\n<p>Puudutasime vajadust suurema koost\u00f6\u00f6 j\u00e4rele nii erinevate ministeeriumite kui ka koolis erinevate osapoolte vahel. Hariduse teema ei ole kindlasti ainult \u00f5petajate ja haridus- ning teadusministri teema, vaid kogu \u00fchiskonna teema.<\/p>\n<p>Kuigi riiklikult on laual rasked eelarvel\u00e4bir\u00e4\u00e4kimised ja midagi garanteerida ei saa, kordas minister juba meedias v\u00e4ljendatud m\u00f5tet, et tema on \u00f5petajate eest v\u00e4ljas.<\/p>\n<p>Tutvumine toimus koost\u00f6ises meeleolus, pingevabas \u00f5hkkonnas ja juhatusele j\u00e4i kohtumisest positiivne mulje.<\/p>\n","protected":false},"excerpt":{"rendered":"<p>Eesti \u00d5petajate Liidu juhatus kohtus t\u00e4na haridus- ja teadusminister J\u00fcrgen Ligiga. Arutluse all olid haridusvaldkonna murekohad ja professionaalset \u00f5petajat\u00f6\u00f6d soodustavad ning takistavad tegurid. Pikemalt peatusime \u00f5petaja kutse ja professionaalsuse teemadel, kooli turvalisuse k\u00fcsimustel ja arutlesime ka \u00f5petaja t\u00f6\u00f6koormuse \u00fcle, ennek\u00f5ike l\u00e4bi selle sisu ning v\u00f5imaluste. Kuigi \u00f5petajate kutsestandard tundub k\u00f5rgete n\u00f5udmistega, siis s\u00fcvenemisel saadakse aru, et pea k\u00f5ike juba tehaksegi,<\/p>\n","protected":false},"author":5,"featured_media":0,"comment_status":"closed","ping_status":"closed","sticky":false,"template":"","format":"standard","meta":{"footnotes":""},"categories":[1],"tags":[],"class_list":["post-1574","post","type-post","status-publish","format-standard","hentry","category-maaratlemata"],"_links":{"self":[{"href":"https:\/\/opetajateliit.ee\/index.php?rest_route=\/wp\/v2\/posts\/1574","targetHints":{"allow":["GET"]}}],"collection":[{"href":"https:\/\/opetajateliit.ee\/index.php?rest_route=\/wp\/v2\/posts"}],"about":[{"href":"https:\/\/opetajateliit.ee\/index.php?rest_route=\/wp\/v2\/types\/post"}],"author":[{"embeddable":true,"href":"https:\/\/opetajateliit.ee\/index.php?rest_route=\/wp\/v2\/users\/5"}],"replies":[{"embeddable":true,"href":"https:\/\/opetajateliit.ee\/index.php?rest_route=%2Fwp%2Fv2%2Fcomments&post=1574"}],"version-history":[{"count":4,"href":"https:\/\/opetajateliit.ee\/index.php?rest_route=\/wp\/v2\/posts\/1574\/revisions"}],"predecessor-version":[{"id":1579,"href":"https:\/\/opetajateliit.ee\/index.php?rest_route=\/wp\/v2\/posts\/1574\/revisions\/1579"}],"wp:attachment":[{"href":"https:\/\/opetajateliit.ee\/index.php?rest_route=%2Fwp%2Fv2%2Fmedia&parent=1574"}],"wp:term":[{"taxonomy":"category","embeddable":true,"href":"https:\/\/opetajateliit.ee\/index.php?rest_route=%2Fwp%2Fv2%2Fcategories&post=1574"},{"taxonomy":"post_tag","embeddable":true,"href":"https:\/\/opetajateliit.ee\/index.php?rest_route=%2Fwp%2Fv2%2Ftags&post=1574"}],"curies":[{"name":"wp","href":"https:\/\/api.w.org\/{rel}","templated":true}]}}