{"id":140,"date":"2012-03-26T17:42:34","date_gmt":"2012-03-26T14:42:34","guid":{"rendered":"http:\/\/www.opetajateliit.ee\/?p=140"},"modified":"2013-02-17T20:29:58","modified_gmt":"2013-02-17T17:29:58","slug":"konverentsi-esitlused","status":"publish","type":"post","link":"https:\/\/opetajateliit.ee\/?p=140","title":{"rendered":"Konverentsi &#8220;Kooli ja \u00f5petajate valmisolek uuendatud riiklike \u00f5ppekavade elluviimiseks&#8221;esitlused"},"content":{"rendered":"<p><!-- \t\t@page { size: 21cm 29.7cm; margin: 2cm } \t\tP { margin-bottom: 0.21cm } --><!-- \t\t@page { size: 21cm 29.7cm; margin: 2cm } \t\tP { margin-bottom: 0.21cm } --><\/p>\n<p>Eesti \u00d5petajate Liidu ning Haridus-ja Teadusministeeriumi koost\u00f6\u00f6s 2010. aasta m\u00e4rtsis\u00a0 korraldatud konverents\u00a0 &#8220;Kooli ja \u00f5petajate valmisolek uuendatud riiklike \u00f5ppekavade elluviimiseks&#8221; oli intensiivne. Esinejad oli p\u00f5hjalikult valmistunud ning konverentsil osalejad said hea sissejuhatuse uue \u00f5ppekava p\u00f5him\u00f5tetest ja\u00a0 rakendamisv\u00f5imalustest<\/p>\n<p>Konverentsi ettekanded:<\/p>\n<p><strong>T\u00f5nis Lukas<\/strong>, haridus- ja teadusminister\u00a0 <a href=\"http:\/\/www.opetajateliit.ee\/wp-content\/uploads\/2010\/03\/T.Lukas-Viimsi.ppt\">\u00d5ppekavade uuendamine<\/a><\/p>\n<p>Ain T\u00f5nisson, Haridus- ja Teadusministeerium <a href=\"http:\/\/www.opetajateliit.ee\/wp-content\/uploads\/2010\/03\/Ain-T\u00f5nisson.pptx\">Uuendatud \u00f5ppekava<\/a><\/p>\n<p><strong>Agu Uudelepp, PhD<\/strong> Meta Advisory Group O\u00dc<br \/>\n<strong><a href=\"http:\/\/www.opetajateliit.ee\/wp-content\/uploads\/2010\/03\/\u00dchiskonna-alusv\u00e4\u00e4rtused-ja-haridus2.pdf\">\u00dchiskonna alusv\u00e4\u00e4rtused ja haridus<\/a><br \/>\n<\/strong><\/p>\n<p><strong>Halliki Harro-Loit<\/strong>,T\u00dc ajakirjanduse ja kommunikatsiooni instituut<\/p>\n<p><strong>Nelli Jung<\/strong>,\u00a0 T\u00dc\u00a0 Eetikakeskuse projektijuht<br \/>\n<strong><a href=\"..\/wp-content\/uploads\/2010\/03\/%C3%B5ppekava-konverents-Hallikiga2.pdf\">\u00d5pilane &#8211; v\u00e4\u00e4rtuskasvatuse objekt v\u00f5i subjekt?<\/a><br \/>\n<\/strong><\/p>\n<p><strong>Mari Kadakas,\u00a0 Mare Oja, Lea Koppel ja Inge Raudsepp<\/strong> Riiklikust Eksami- ja Kvalifikatsioonikeskusest<\/p>\n<p><strong><a href=\"http:\/\/www.opetajateliit.ee\/?attachment_id=173\" rel=\"attachment wp-att-173\">Ainevaldkonnad ja ainekavad<\/a><\/strong><\/p>\n<p><strong><a href=\"http:\/\/www.opetajateliit.ee\/?attachment_id=174\" rel=\"attachment wp-att-174\">Kunst ja muusika<\/a><\/strong><\/p>\n<p><strong><a href=\"http:\/\/www.opetajateliit.ee\/?attachment_id=175\" rel=\"attachment wp-att-175\">Looduainete ainekavad<\/a><\/strong><\/p>\n<p><strong><a href=\"http:\/\/www.opetajateliit.ee\/?attachment_id=176\" rel=\"attachment wp-att-176\">Ainevaldkond &#8220;Keel ja kirjandus&#8221;<\/a><\/strong><\/p>\n<p><strong>Margus Pedaste, <\/strong>Tartu \u00dclikooli Pedagogicumi direktor<\/p>\n<p><strong><strong><a href=\"http:\/\/www.opetajateliit.ee\/?attachment_id=177\" rel=\"attachment wp-att-177\">Haridusteaduste ja \u00f5petajakoolituse edendamise program<\/a>m Eduko<\/strong><\/strong><\/p>\n<p><strong>Mai Normak<\/strong>, Tallinna \u00dclikool, \u00f5petajakoolituse osakonna juhataja<\/p>\n<p><a href=\"http:\/\/www.opetajateliit.ee\/?attachment_id=178\" rel=\"attachment wp-att-178\"><strong>Muutused ja muudatused \u00f5petajakoolituses<\/strong><\/a><\/p>\n<p><strong>Meedi Neeme<\/strong>,\u00a0 Rocca al Mare Seminari juht<\/p>\n<p><strong><a href=\"http:\/\/www.opetajateliit.ee\/?attachment_id=181\" rel=\"attachment wp-att-181\">\u00d5petajate t\u00e4iendkoolituse ootused ja vajadused<\/a><\/strong><\/p>\n<p><strong>Leelo Tiisvelt<\/strong>, Viimsi Keskkool, direktor<br \/>\n<strong><a href=\"http:\/\/www.opetajateliit.ee\/?attachment_id=182\" rel=\"attachment wp-att-182\">Kujundav hindamine<\/a><\/strong><\/p>\n<p><strong>Epp Vodja<\/strong> Eesti Majandus\u00f5petajate Selts<br \/>\n<strong><a href=\"http:\/\/www.opetajateliit.ee\/?attachment_id=183\" rel=\"attachment wp-att-183\">\u00d5petajate ettev\u00f5tlikkus ja koost\u00f6\u00f6v\u00f5ime ettev\u00f5tlus\u00f5\u00b5ppe rakendamisel koolis<\/a><\/strong><\/p>\n<p><strong>Liia Jung <\/strong> Kutsekomisjoni liige, Tallinna \u00dchisg\u00fcmnaasiumi \u00f5petaja<br \/>\n<strong><a href=\"http:\/\/www.opetajateliit.ee\/?attachment_id=198\" rel=\"attachment wp-att-198\">\u00d5petajakutse omistamisest<\/a><\/strong><\/p>\n<p><strong>Veronika Tuul<\/strong>, E\u00d5L,\u00a0 IntelLEOprojekti koordinaator<br \/>\n<strong><a href=\"http:\/\/www.opetajateliit.ee\/?attachment_id=201\" rel=\"attachment wp-att-201\">\u00d5petaja infotehnoloogiline t\u00f6\u00f6keskkond<\/a><\/strong><\/p>\n<p><strong>Lehte J\u00f5emaa<\/strong>,\u00a0 Eesti \u00d5petajate Liidu juhatuse esimees<br \/>\n<strong><a href=\"http:\/\/www.opetajateliit.ee\/?attachment_id=202\" rel=\"attachment wp-att-202\">V\u00e4\u00e4rtuskasvatuse p\u00f5him\u00f5ted ja v\u00f5imalused \u00f5petajate meeskonnat\u00f6\u00f6s koolis<\/a><\/strong><\/p>\n<p>&nbsp;<\/p>\n<p><strong>Aimur Liiva<\/strong>, SA Tiigrih\u00fcpe<a href=\"http:\/\/www.opetajateliit.ee\/wp-content\/uploads\/2010\/03\/Aimur-Liiva.pdf\"> Robootika ja tehnoloogia projektid<\/a><\/p>\n<p><strong>Ingrid Maadvere<\/strong>, SA Tiigrih\u00fcpe\u00a0 \u00a0 <a href=\"http:\/\/www.opetajateliit.ee\/wp-content\/uploads\/2010\/03\/Ingrid-Maadvere.pdf\">Koolielu 2.0<\/a><\/p>\n<p><strong>Elo Allemann<\/strong>, SA Tiigrih\u00fcpe\u00a0 <a href=\"http:\/\/www.opetajateliit.ee\/wp-content\/uploads\/2010\/03\/Elo-Allemann.pdf\">Programm &#8220;S\u00f5pruskoolid Euroopas\/eTwinning&#8221;<\/a><\/p>\n<p><strong>Edvard Kess<\/strong>, Tallinna 37. keskkooli eesti keele ja kirjanduse \u00f5petaja<a href=\"http:\/\/www.opetajateliit.ee\/wp-content\/uploads\/2010\/03\/EDWARD-KESS-Noor-\u00f5petaja-\u2013-alguse-asi.pdf\"> Noor \u00f5petaja \u2013 alguse asi<\/a><\/p>\n<p><strong>Lehte J\u00f5emaa<\/strong>, Eesti \u00d5petajate Liidu juhatuse esimees\u00a0 <a href=\"http:\/\/www.opetajateliit.ee\/wp-content\/uploads\/2010\/03\/Lehte-J\u00f5emaa1.pdf\">Eesti kaunis kool<\/a><\/p>\n<p>Miia Pallase, P\u00fchaj\u00e4rve P\u00f5hikooli direktor\u00a0 <a href=\"http:\/\/www.opetajateliit.ee\/wp-content\/uploads\/2010\/03\/MiiaPallase-ettekanne1.pdf\">P\u00fchaj\u00e4rve p\u00f5hikool<\/a><\/p>\n<p><strong>Kajastus \u00d5petajate Lehes:<\/strong> Argo Kerb <a href=\"http:\/\/www.opleht.ee\/admin\/pages\/preview\/?archive_mode=heading&amp;headingid=1053\" target=\"_blank\">&#8220;\u00d5ppekava ei too kooli kannap\u00f6\u00f6ret&#8221;<\/a><\/p>\n","protected":false},"excerpt":{"rendered":"<p>Eesti \u00d5petajate Liidu ning Haridus-ja Teadusministeeriumi koost\u00f6\u00f6s 2010. aasta m\u00e4rtsis\u00a0 korraldatud konverents\u00a0 &#8220;Kooli ja \u00f5petajate valmisolek uuendatud riiklike \u00f5ppekavade elluviimiseks&#8221; oli intensiivne. Esinejad oli p\u00f5hjalikult valmistunud ning konverentsil osalejad said hea sissejuhatuse uue \u00f5ppekava p\u00f5him\u00f5tetest ja\u00a0 rakendamisv\u00f5imalustest Konverentsi ettekanded: T\u00f5nis Lukas, haridus- ja teadusminister\u00a0 \u00d5ppekavade uuendamine Ain T\u00f5nisson, Haridus- ja Teadusministeerium Uuendatud \u00f5ppekava Agu Uudelepp, PhD Meta Advisory Group O\u00dc<\/p>\n","protected":false},"author":5,"featured_media":0,"comment_status":"closed","ping_status":"closed","sticky":false,"template":"","format":"standard","meta":{"footnotes":""},"categories":[4,14],"tags":[],"class_list":["post-140","post","type-post","status-publish","format-standard","hentry","category-uritused","category-konverents-2010"],"_links":{"self":[{"href":"https:\/\/opetajateliit.ee\/index.php?rest_route=\/wp\/v2\/posts\/140","targetHints":{"allow":["GET"]}}],"collection":[{"href":"https:\/\/opetajateliit.ee\/index.php?rest_route=\/wp\/v2\/posts"}],"about":[{"href":"https:\/\/opetajateliit.ee\/index.php?rest_route=\/wp\/v2\/types\/post"}],"author":[{"embeddable":true,"href":"https:\/\/opetajateliit.ee\/index.php?rest_route=\/wp\/v2\/users\/5"}],"replies":[{"embeddable":true,"href":"https:\/\/opetajateliit.ee\/index.php?rest_route=%2Fwp%2Fv2%2Fcomments&post=140"}],"version-history":[{"count":91,"href":"https:\/\/opetajateliit.ee\/index.php?rest_route=\/wp\/v2\/posts\/140\/revisions"}],"predecessor-version":[{"id":775,"href":"https:\/\/opetajateliit.ee\/index.php?rest_route=\/wp\/v2\/posts\/140\/revisions\/775"}],"wp:attachment":[{"href":"https:\/\/opetajateliit.ee\/index.php?rest_route=%2Fwp%2Fv2%2Fmedia&parent=140"}],"wp:term":[{"taxonomy":"category","embeddable":true,"href":"https:\/\/opetajateliit.ee\/index.php?rest_route=%2Fwp%2Fv2%2Fcategories&post=140"},{"taxonomy":"post_tag","embeddable":true,"href":"https:\/\/opetajateliit.ee\/index.php?rest_route=%2Fwp%2Fv2%2Ftags&post=140"}],"curies":[{"name":"wp","href":"https:\/\/api.w.org\/{rel}","templated":true}]}}