{"id":1033,"date":"2013-11-30T16:32:45","date_gmt":"2013-11-30T13:32:45","guid":{"rendered":"http:\/\/www.opetajateliit.ee\/?p=1033"},"modified":"2013-12-22T18:33:30","modified_gmt":"2013-12-22T15:33:30","slug":"opetaja-kutse-andja","status":"publish","type":"post","link":"https:\/\/opetajateliit.ee\/?p=1033","title":{"rendered":"\u00d5petaja kutse andja"},"content":{"rendered":"<p><strong>Pressiteade<\/strong><\/p>\n<p>29.11.2013<\/p>\n<p><strong>Hariduse Kutsen\u00f5ukogu kuulutas \u00f5petaja kutse andja konkursi v\u00f5itjaks Eesti \u00d5petajate Liidu.<\/strong><\/p>\n<p>28. novembril teatas SA Kutsekoda, et t\u00e4navu mais v\u00e4lja kuulutatud \u00f5petaja, tase 7-1 ja \u00f5petaja, tase 7-2\u00a0 kutsete kutse andja avaliku konkursi v\u00f5itjaks on Eesti \u00d5petajate Liit (E\u00d5L). Uue nimega on tasemete nimetused vastavalt \u00f5petaja, tase 7 ja vanem\u00f5petaja, tase 7.<\/p>\n<p>E\u00d5Li juhatuse esimehe Margit Timakovi s\u00f5nul v\u00f5isid sellise otsuse peamisteks argumentideks olla E\u00d5Li pakutud n\u00e4gemus laiap\u00f5hjalisest ja kaasavast kutses\u00fcsteemist, realistlik n\u00e4gemus valdkonna olukorrast ja t\u00f6\u00f6mahust, kutse andja kui institutsiooni ja kutseliidu eesm\u00e4rkide kattumine ning loomulikult see, et paljud olulised partnerid E\u00d5Li selles protsessis toetama on asunud.<\/p>\n<p>E\u00d5L peab kutseliiduna \u00fclimalt oluliseks, et \u00f5petajad oma t\u00f6\u00f6 sisu \u00fcle j\u00e4rjest rohkem ise otsustavad ning oma kutset v\u00e4\u00e4rtustavad. \u00d5petaja on kaugelt rohkem kui pelgalt tunni andja ning \u00f5petaja roll peab suurenema nii kooli- kui kogukonnaelu korraldamises, mitte sellep\u00e4rast, et nii saab \u00f5petajale rohkem \u00fclesandeid anda, vaid sellep\u00e4rast, et kool ja kogukond (terve \u00fchiskond) ei tule muud moodi toime.<\/p>\n<p>E\u00d5Li juhatuse liikmetena oleme teadlikud, et kutse andja roll ei ole \u00fchelgi moel formaalsus. Kutses\u00fcsteemi kui sellist veel ei ole ning meil endil tuleb see v\u00e4lja t\u00f6\u00f6tada nii, et me k\u00f5ik \u00f5petajatena ise tahame kutset kasutada t\u00f6\u00f6alaselt paremate tulemuste saavutamiseks, eneset\u00e4ienduseks \u00f5petajale individuaalse arengu t\u00f6\u00f6riistana ja hariduss\u00fcsteemi\u00a0 t\u00f6\u00f6jaotuse paremaks korraldamiseks. Kutses\u00fcsteem on ennek\u00f5ike \u00f5petajate t\u00e4iend\u00f5ppe-, koost\u00f6\u00f6- ja haridusvaldkonna t\u00f6\u00f6- ning vastutusalasid korraldav v\u00f5rgustik, mitte \u00f5petajaid hindav v\u00f5i nende taset kontrolliv mehhanism. Kutse andja suurim v\u00e4ljakutse on koondada selles momendis kokku k\u00f5ik see energia ja tarkus, mis haridusvaldkonnas ringleb ja panna k\u00e4ima \u00fcks toimiv lahendus.<\/p>\n<p>J\u00e4rgmiste sammudena kavatseb E\u00d5L v\u00f5imalikult operatiivselt anda koolidesse ja partneritele t\u00e4iendamiseks ja kaasa m\u00f5tlemiseks-tegutsemiseks kutse andmise tegevuskava ning valmistada ette kutse hindajate konkursi. Esimesed uue kutsestandardi j\u00e4rgi kutse saajad v\u00f5iksid kutsetunnistuse k\u00e4tte saada juba 2014. a esimeses pooles.<\/p>\n<p>Eestis t\u00f6\u00f6tab praegu k\u00f5igis \u00fcldhariduse kooliastmetes ja suundades \u00fcle 22 000 \u00f5petaja.\u00a0 \u00d5petajate ametij\u00e4rke eelnevalt reguleeriva \u00f5petajate atesteerimiss\u00fcsteemiga on riigis otsustatud enam mitte j\u00e4tkata, kuigi ametij\u00e4rgud j\u00e4\u00e4vad kehtima kuni nende aegumiseni.<\/p>\n<p>&nbsp;<\/p>\n<p>Margit Timakov<\/p>\n<p>E\u00d5Li juhatuse esimees, E\u00d5Li juhatuse nimel<\/p>\n<p>&nbsp;<\/p>\n<p>&nbsp;<\/p>\n","protected":false},"excerpt":{"rendered":"<p>Pressiteade 29.11.2013 Hariduse Kutsen\u00f5ukogu kuulutas \u00f5petaja kutse andja konkursi v\u00f5itjaks Eesti \u00d5petajate Liidu. 28. novembril teatas SA Kutsekoda, et t\u00e4navu mais v\u00e4lja kuulutatud \u00f5petaja, tase 7-1 ja \u00f5petaja, tase 7-2\u00a0 kutsete kutse andja avaliku konkursi v\u00f5itjaks on Eesti \u00d5petajate Liit (E\u00d5L). Uue nimega on tasemete nimetused vastavalt \u00f5petaja, tase 7 ja vanem\u00f5petaja, tase 7. E\u00d5Li juhatuse esimehe Margit Timakovi s\u00f5nul<\/p>\n","protected":false},"author":5,"featured_media":0,"comment_status":"closed","ping_status":"closed","sticky":false,"template":"","format":"standard","meta":{"footnotes":""},"categories":[1],"tags":[],"class_list":["post-1033","post","type-post","status-publish","format-standard","hentry","category-maaratlemata"],"_links":{"self":[{"href":"https:\/\/opetajateliit.ee\/index.php?rest_route=\/wp\/v2\/posts\/1033","targetHints":{"allow":["GET"]}}],"collection":[{"href":"https:\/\/opetajateliit.ee\/index.php?rest_route=\/wp\/v2\/posts"}],"about":[{"href":"https:\/\/opetajateliit.ee\/index.php?rest_route=\/wp\/v2\/types\/post"}],"author":[{"embeddable":true,"href":"https:\/\/opetajateliit.ee\/index.php?rest_route=\/wp\/v2\/users\/5"}],"replies":[{"embeddable":true,"href":"https:\/\/opetajateliit.ee\/index.php?rest_route=%2Fwp%2Fv2%2Fcomments&post=1033"}],"version-history":[{"count":3,"href":"https:\/\/opetajateliit.ee\/index.php?rest_route=\/wp\/v2\/posts\/1033\/revisions"}],"predecessor-version":[{"id":1090,"href":"https:\/\/opetajateliit.ee\/index.php?rest_route=\/wp\/v2\/posts\/1033\/revisions\/1090"}],"wp:attachment":[{"href":"https:\/\/opetajateliit.ee\/index.php?rest_route=%2Fwp%2Fv2%2Fmedia&parent=1033"}],"wp:term":[{"taxonomy":"category","embeddable":true,"href":"https:\/\/opetajateliit.ee\/index.php?rest_route=%2Fwp%2Fv2%2Fcategories&post=1033"},{"taxonomy":"post_tag","embeddable":true,"href":"https:\/\/opetajateliit.ee\/index.php?rest_route=%2Fwp%2Fv2%2Ftags&post=1033"}],"curies":[{"name":"wp","href":"https:\/\/api.w.org\/{rel}","templated":true}]}}